{"id":367,"date":"2018-09-30T07:41:33","date_gmt":"2018-09-30T07:41:33","guid":{"rendered":"http:\/\/maisonmillefleurs.de\/?p=367"},"modified":"2018-09-30T07:41:33","modified_gmt":"2018-09-30T07:41:33","slug":"blauer-september","status":"publish","type":"post","link":"https:\/\/maisonmillefleurs.de\/?p=367","title":{"rendered":"Blauer September"},"content":{"rendered":"<p>Auch der September hat uns wieder mit viel Sonne verw\u00f6hnt, aber die gro\u00dfe Hitze war vorbei und der Himmel zeigte sein besonderes Septemberblau.<\/p>\n<p>Unsere G\u00e4ste haben das Wetter ebenso genossen wie wir, ideal f\u00fcr zahlreiche Aktivit\u00e4ten in unserer wundersch\u00f6nen Umgebung und im Garten.<\/p>\n<p>Auch der Garten hat sich etwas von der Hitze und D\u00fcrre erholt, in diesem Monat dominieren die Astern das Gartenbild.<\/p>\n<p>&nbsp;<\/p>\n<p><img loading=\"lazy\" decoding=\"async\" class=\"alignnone size-large wp-image-373\" src=\"https:\/\/maisonmillefleurs.de\/wp-content\/uploads\/2018\/09\/IMG_3482-1024x683.jpg\" alt=\"img_3482\" width=\"600\" height=\"400\" srcset=\"https:\/\/maisonmillefleurs.de\/wp-content\/uploads\/2018\/09\/IMG_3482-1024x683.jpg 1024w, https:\/\/maisonmillefleurs.de\/wp-content\/uploads\/2018\/09\/IMG_3482-300x200.jpg 300w, https:\/\/maisonmillefleurs.de\/wp-content\/uploads\/2018\/09\/IMG_3482-768x512.jpg 768w\" sizes=\"(max-width: 600px) 100vw, 600px\" \/><\/p>\n<p><img loading=\"lazy\" decoding=\"async\" class=\"alignnone size-large wp-image-372\" src=\"https:\/\/maisonmillefleurs.de\/wp-content\/uploads\/2018\/09\/IMG_3477-1024x683.jpg\" alt=\"img_3477\" width=\"600\" height=\"400\" srcset=\"https:\/\/maisonmillefleurs.de\/wp-content\/uploads\/2018\/09\/IMG_3477-1024x683.jpg 1024w, https:\/\/maisonmillefleurs.de\/wp-content\/uploads\/2018\/09\/IMG_3477-300x200.jpg 300w, https:\/\/maisonmillefleurs.de\/wp-content\/uploads\/2018\/09\/IMG_3477-768x512.jpg 768w\" sizes=\"(max-width: 600px) 100vw, 600px\" \/><\/p>\n<p><img loading=\"lazy\" decoding=\"async\" class=\"alignnone size-large wp-image-371\" src=\"https:\/\/maisonmillefleurs.de\/wp-content\/uploads\/2018\/09\/IMG_3470-1024x683.jpg\" alt=\"img_3470\" width=\"600\" height=\"400\" srcset=\"https:\/\/maisonmillefleurs.de\/wp-content\/uploads\/2018\/09\/IMG_3470-1024x683.jpg 1024w, https:\/\/maisonmillefleurs.de\/wp-content\/uploads\/2018\/09\/IMG_3470-300x200.jpg 300w, https:\/\/maisonmillefleurs.de\/wp-content\/uploads\/2018\/09\/IMG_3470-768x512.jpg 768w\" sizes=\"(max-width: 600px) 100vw, 600px\" \/><\/p>\n<p><img loading=\"lazy\" decoding=\"async\" class=\"alignnone size-large wp-image-370\" src=\"https:\/\/maisonmillefleurs.de\/wp-content\/uploads\/2018\/09\/IMG_3462-1024x683.jpg\" alt=\"img_3462\" width=\"600\" height=\"400\" srcset=\"https:\/\/maisonmillefleurs.de\/wp-content\/uploads\/2018\/09\/IMG_3462-1024x683.jpg 1024w, https:\/\/maisonmillefleurs.de\/wp-content\/uploads\/2018\/09\/IMG_3462-300x200.jpg 300w, https:\/\/maisonmillefleurs.de\/wp-content\/uploads\/2018\/09\/IMG_3462-768x512.jpg 768w\" sizes=\"(max-width: 600px) 100vw, 600px\" \/><\/p>\n<p><img loading=\"lazy\" decoding=\"async\" class=\"alignnone size-large wp-image-369\" src=\"https:\/\/maisonmillefleurs.de\/wp-content\/uploads\/2018\/09\/IMG_3460-1024x683.jpg\" alt=\"img_3460\" width=\"600\" height=\"400\" srcset=\"https:\/\/maisonmillefleurs.de\/wp-content\/uploads\/2018\/09\/IMG_3460-1024x683.jpg 1024w, https:\/\/maisonmillefleurs.de\/wp-content\/uploads\/2018\/09\/IMG_3460-300x200.jpg 300w, https:\/\/maisonmillefleurs.de\/wp-content\/uploads\/2018\/09\/IMG_3460-768x512.jpg 768w\" sizes=\"(max-width: 600px) 100vw, 600px\" \/><\/p>\n<p>Die zarten Bl\u00fcten der Cyclamen sind auch wieder sehr zahlreich da&#8230;<\/p>\n<p><img loading=\"lazy\" decoding=\"async\" class=\"alignnone size-large wp-image-374\" src=\"https:\/\/maisonmillefleurs.de\/wp-content\/uploads\/2018\/09\/IMG_3366-1024x683.jpg\" alt=\"img_3366\" width=\"600\" height=\"400\" srcset=\"https:\/\/maisonmillefleurs.de\/wp-content\/uploads\/2018\/09\/IMG_3366-1024x683.jpg 1024w, https:\/\/maisonmillefleurs.de\/wp-content\/uploads\/2018\/09\/IMG_3366-300x200.jpg 300w, https:\/\/maisonmillefleurs.de\/wp-content\/uploads\/2018\/09\/IMG_3366-768x512.jpg 768w\" sizes=\"(max-width: 600px) 100vw, 600px\" \/><\/p>\n<p>&#8230;und auch eine Clematis zeigt nochmal ihre ganze Sch\u00f6nheit.<\/p>\n<p><img loading=\"lazy\" decoding=\"async\" class=\"alignnone size-large wp-image-368\" src=\"https:\/\/maisonmillefleurs.de\/wp-content\/uploads\/2018\/09\/IMG_3310-1024x683.jpg\" alt=\"img_3310\" width=\"600\" height=\"400\" srcset=\"https:\/\/maisonmillefleurs.de\/wp-content\/uploads\/2018\/09\/IMG_3310-1024x683.jpg 1024w, https:\/\/maisonmillefleurs.de\/wp-content\/uploads\/2018\/09\/IMG_3310-300x200.jpg 300w, https:\/\/maisonmillefleurs.de\/wp-content\/uploads\/2018\/09\/IMG_3310-768x512.jpg 768w\" sizes=\"(max-width: 600px) 100vw, 600px\" \/><\/p>\n<p>Jetzt beginnen bereits die Vorbereitungen f\u00fcr einen bl\u00fctenreichen Fr\u00fchling, zahlreiche Blumenzwiebeln wollen in die Erde.<\/p>\n<p>Mit den kalten N\u00e4chten beginnt jetzt die Herbstf\u00e4rbung der Geh\u00f6lze, das verspricht einen farbenfrohen Oktober.<\/p>\n<p>&nbsp;<\/p>\n<p>&nbsp;<\/p>\n","protected":false},"excerpt":{"rendered":"<p>Auch der September hat uns wieder mit viel Sonne verw\u00f6hnt, aber die gro\u00dfe Hitze war vorbei und der Himmel zeigte sein besonderes Septemberblau. Unsere G\u00e4ste haben das Wetter ebenso genossen wie wir, ideal f\u00fcr zahlreiche Aktivit\u00e4ten in unserer wundersch\u00f6nen Umgebung und im Garten. Auch der Garten hat sich etwas von der Hitze und D\u00fcrre erholt, in diesem Monat dominieren die Astern das Gartenbild. &nbsp; Die zarten Bl\u00fcten der Cyclamen sind auch wieder sehr zahlreich da&#8230; &#8230;und auch eine Clematis zeigt nochmal ihre ganze Sch\u00f6nheit. Jetzt beginnen bereits die Vorbereitungen f\u00fcr einen bl\u00fctenreichen Fr\u00fchling, zahlreiche Blumenzwiebeln wollen in die Erde. Mit den kalten N\u00e4chten beginnt jetzt die Herbstf\u00e4rbung der Geh\u00f6lze, das verspricht einen farbenfrohen Oktober. &nbsp; &nbsp;<\/p>\n","protected":false},"author":1,"featured_media":0,"comment_status":"open","ping_status":"open","sticky":false,"template":"","format":"standard","meta":{"footnotes":""},"categories":[1],"tags":[],"_links":{"self":[{"href":"https:\/\/maisonmillefleurs.de\/index.php?rest_route=\/wp\/v2\/posts\/367"}],"collection":[{"href":"https:\/\/maisonmillefleurs.de\/index.php?rest_route=\/wp\/v2\/posts"}],"about":[{"href":"https:\/\/maisonmillefleurs.de\/index.php?rest_route=\/wp\/v2\/types\/post"}],"author":[{"embeddable":true,"href":"https:\/\/maisonmillefleurs.de\/index.php?rest_route=\/wp\/v2\/users\/1"}],"replies":[{"embeddable":true,"href":"https:\/\/maisonmillefleurs.de\/index.php?rest_route=%2Fwp%2Fv2%2Fcomments&post=367"}],"version-history":[{"count":1,"href":"https:\/\/maisonmillefleurs.de\/index.php?rest_route=\/wp\/v2\/posts\/367\/revisions"}],"predecessor-version":[{"id":375,"href":"https:\/\/maisonmillefleurs.de\/index.php?rest_route=\/wp\/v2\/posts\/367\/revisions\/375"}],"wp:attachment":[{"href":"https:\/\/maisonmillefleurs.de\/index.php?rest_route=%2Fwp%2Fv2%2Fmedia&parent=367"}],"wp:term":[{"taxonomy":"category","embeddable":true,"href":"https:\/\/maisonmillefleurs.de\/index.php?rest_route=%2Fwp%2Fv2%2Fcategories&post=367"},{"taxonomy":"post_tag","embeddable":true,"href":"https:\/\/maisonmillefleurs.de\/index.php?rest_route=%2Fwp%2Fv2%2Ftags&post=367"}],"curies":[{"name":"wp","href":"https:\/\/api.w.org\/{rel}","templated":true}]}}