{"id":1023,"date":"2025-07-31T16:17:20","date_gmt":"2025-07-31T16:17:20","guid":{"rendered":"https:\/\/maisonmillefleurs.de\/?p=1023"},"modified":"2025-07-31T16:17:20","modified_gmt":"2025-07-31T16:17:20","slug":"wechselhafter-juli","status":"publish","type":"post","link":"https:\/\/maisonmillefleurs.de\/?p=1023","title":{"rendered":"Wechselhafter Juli"},"content":{"rendered":"\n<p><\/p>\n\n\n\n<p>Der Juli zeigt sich dieses Jahr sehr eigenwillig, erst wurde der Regen sehns\u00fcchtig erwartet, jetzt w\u00fcnschen sich die G\u00e4ste etwas mehr Sonne. Die Prognosen sind aber gut und das etwas wechselhaftere Wetter war f\u00fcr Natur, Garten und Tiere eine Erholung.<\/p>\n\n\n\n<p><\/p>\n\n\n\n<p>Immer wieder freuen wir uns das trotz der Wetterkapriolen der Garten unerm\u00fcdlich bl\u00fcht und es \u00fcberall summt und brummt.<\/p>\n\n\n\n<p>Auf dieser Bl\u00fcte herrscht Hochbetrieb&#8230;<\/p>\n\n\n\n<figure class=\"wp-block-image size-large\"><img loading=\"lazy\" decoding=\"async\" width=\"1024\" height=\"683\" src=\"https:\/\/maisonmillefleurs.de\/wp-content\/uploads\/2025\/07\/IMG_1256-1024x683.jpg\" alt=\"\" class=\"wp-image-1024\" srcset=\"https:\/\/maisonmillefleurs.de\/wp-content\/uploads\/2025\/07\/IMG_1256-1024x683.jpg 1024w, https:\/\/maisonmillefleurs.de\/wp-content\/uploads\/2025\/07\/IMG_1256-300x200.jpg 300w, https:\/\/maisonmillefleurs.de\/wp-content\/uploads\/2025\/07\/IMG_1256-768x512.jpg 768w, https:\/\/maisonmillefleurs.de\/wp-content\/uploads\/2025\/07\/IMG_1256-1536x1024.jpg 1536w, https:\/\/maisonmillefleurs.de\/wp-content\/uploads\/2025\/07\/IMG_1256-2048x1365.jpg 2048w, https:\/\/maisonmillefleurs.de\/wp-content\/uploads\/2025\/07\/IMG_1256-1140x760.jpg 1140w\" sizes=\"(max-width: 1024px) 100vw, 1024px\" \/><\/figure>\n\n\n\n<p><\/p>\n\n\n\n<p>Im Mittelgarten dominieren im Moment eher zarte Farben und der Phlosduft erf\u00fcllt die Luft&#8230;<\/p>\n\n\n\n<figure class=\"wp-block-image size-large\"><img loading=\"lazy\" decoding=\"async\" width=\"1024\" height=\"683\" src=\"https:\/\/maisonmillefleurs.de\/wp-content\/uploads\/2025\/07\/IMG_1240-1024x683.jpg\" alt=\"\" class=\"wp-image-1025\" srcset=\"https:\/\/maisonmillefleurs.de\/wp-content\/uploads\/2025\/07\/IMG_1240-1024x683.jpg 1024w, https:\/\/maisonmillefleurs.de\/wp-content\/uploads\/2025\/07\/IMG_1240-300x200.jpg 300w, https:\/\/maisonmillefleurs.de\/wp-content\/uploads\/2025\/07\/IMG_1240-768x512.jpg 768w, https:\/\/maisonmillefleurs.de\/wp-content\/uploads\/2025\/07\/IMG_1240-1536x1024.jpg 1536w, https:\/\/maisonmillefleurs.de\/wp-content\/uploads\/2025\/07\/IMG_1240-2048x1365.jpg 2048w, https:\/\/maisonmillefleurs.de\/wp-content\/uploads\/2025\/07\/IMG_1240-1140x760.jpg 1140w\" sizes=\"(max-width: 1024px) 100vw, 1024px\" \/><\/figure>\n\n\n\n<p><\/p>\n\n\n\n<p>Auf dem Weg zum Gem\u00fcsegarten begleitet uns intensiver Lilienduft&#8230;<\/p>\n\n\n\n<figure class=\"wp-block-image size-large\"><img loading=\"lazy\" decoding=\"async\" width=\"1024\" height=\"683\" src=\"https:\/\/maisonmillefleurs.de\/wp-content\/uploads\/2025\/07\/IMG_1234-1024x683.jpg\" alt=\"\" class=\"wp-image-1027\" srcset=\"https:\/\/maisonmillefleurs.de\/wp-content\/uploads\/2025\/07\/IMG_1234-1024x683.jpg 1024w, https:\/\/maisonmillefleurs.de\/wp-content\/uploads\/2025\/07\/IMG_1234-300x200.jpg 300w, https:\/\/maisonmillefleurs.de\/wp-content\/uploads\/2025\/07\/IMG_1234-768x512.jpg 768w, https:\/\/maisonmillefleurs.de\/wp-content\/uploads\/2025\/07\/IMG_1234-1536x1024.jpg 1536w, https:\/\/maisonmillefleurs.de\/wp-content\/uploads\/2025\/07\/IMG_1234-2048x1365.jpg 2048w, https:\/\/maisonmillefleurs.de\/wp-content\/uploads\/2025\/07\/IMG_1234-1140x760.jpg 1140w\" sizes=\"(max-width: 1024px) 100vw, 1024px\" \/><\/figure>\n\n\n\n<p><\/p>\n\n\n\n<p>\u00dcberall sind Schmetterlinge unterwegs, das ist mir immer eine besondere Freude&#8230;<\/p>\n\n\n\n<figure class=\"wp-block-image size-large\"><img loading=\"lazy\" decoding=\"async\" width=\"1024\" height=\"683\" src=\"https:\/\/maisonmillefleurs.de\/wp-content\/uploads\/2025\/07\/IMG_1219-1024x683.jpg\" alt=\"\" class=\"wp-image-1028\" srcset=\"https:\/\/maisonmillefleurs.de\/wp-content\/uploads\/2025\/07\/IMG_1219-1024x683.jpg 1024w, https:\/\/maisonmillefleurs.de\/wp-content\/uploads\/2025\/07\/IMG_1219-300x200.jpg 300w, https:\/\/maisonmillefleurs.de\/wp-content\/uploads\/2025\/07\/IMG_1219-768x512.jpg 768w, https:\/\/maisonmillefleurs.de\/wp-content\/uploads\/2025\/07\/IMG_1219-1536x1024.jpg 1536w, https:\/\/maisonmillefleurs.de\/wp-content\/uploads\/2025\/07\/IMG_1219-2048x1365.jpg 2048w, https:\/\/maisonmillefleurs.de\/wp-content\/uploads\/2025\/07\/IMG_1219-1140x760.jpg 1140w\" sizes=\"(max-width: 1024px) 100vw, 1024px\" \/><\/figure>\n\n\n\n<p><\/p>\n\n\n\n<p><\/p>\n\n\n\n<figure class=\"wp-block-image size-large\"><img loading=\"lazy\" decoding=\"async\" width=\"1024\" height=\"683\" src=\"https:\/\/maisonmillefleurs.de\/wp-content\/uploads\/2025\/07\/IMG_1211-1024x683.jpg\" alt=\"\" class=\"wp-image-1029\" srcset=\"https:\/\/maisonmillefleurs.de\/wp-content\/uploads\/2025\/07\/IMG_1211-1024x683.jpg 1024w, https:\/\/maisonmillefleurs.de\/wp-content\/uploads\/2025\/07\/IMG_1211-300x200.jpg 300w, https:\/\/maisonmillefleurs.de\/wp-content\/uploads\/2025\/07\/IMG_1211-768x512.jpg 768w, https:\/\/maisonmillefleurs.de\/wp-content\/uploads\/2025\/07\/IMG_1211-1536x1024.jpg 1536w, https:\/\/maisonmillefleurs.de\/wp-content\/uploads\/2025\/07\/IMG_1211-2048x1365.jpg 2048w, https:\/\/maisonmillefleurs.de\/wp-content\/uploads\/2025\/07\/IMG_1211-1140x760.jpg 1140w\" sizes=\"(max-width: 1024px) 100vw, 1024px\" \/><\/figure>\n\n\n\n<p><\/p>\n\n\n\n<p>Auch die schattigen Ecken erfreuen mit pr\u00e4chtigen Blattwerk, manchmal m\u00f6chte man die Zeit im Garten einfach anhalten.<\/p>\n\n\n\n<figure class=\"wp-block-image size-large\"><img loading=\"lazy\" decoding=\"async\" width=\"1024\" height=\"683\" src=\"https:\/\/maisonmillefleurs.de\/wp-content\/uploads\/2025\/07\/IMG_1184-1024x683.jpg\" alt=\"\" class=\"wp-image-1030\" srcset=\"https:\/\/maisonmillefleurs.de\/wp-content\/uploads\/2025\/07\/IMG_1184-1024x683.jpg 1024w, https:\/\/maisonmillefleurs.de\/wp-content\/uploads\/2025\/07\/IMG_1184-300x200.jpg 300w, https:\/\/maisonmillefleurs.de\/wp-content\/uploads\/2025\/07\/IMG_1184-768x512.jpg 768w, https:\/\/maisonmillefleurs.de\/wp-content\/uploads\/2025\/07\/IMG_1184-1536x1024.jpg 1536w, https:\/\/maisonmillefleurs.de\/wp-content\/uploads\/2025\/07\/IMG_1184-2048x1365.jpg 2048w, https:\/\/maisonmillefleurs.de\/wp-content\/uploads\/2025\/07\/IMG_1184-1140x760.jpg 1140w\" sizes=\"(max-width: 1024px) 100vw, 1024px\" \/><\/figure>\n\n\n\n<p><\/p>\n\n\n\n<p>Die Sommermonate waren und sind leider komplett ausgebucht, aber auch der Sp\u00e4tsommer und Herbst sind eine wunderbare Zeit f\u00fcr einen Urlaub hier.<\/p>\n\n\n\n<p>Wir freuen uns auf Sie!<\/p>\n","protected":false},"excerpt":{"rendered":"<p>Der Juli zeigt sich dieses Jahr sehr eigenwillig, erst wurde der Regen sehns\u00fcchtig erwartet, jetzt w\u00fcnschen sich die G\u00e4ste etwas mehr Sonne. Die Prognosen sind aber gut und das etwas wechselhaftere Wetter war f\u00fcr Natur, Garten und Tiere eine Erholung. Immer wieder freuen wir uns das trotz der Wetterkapriolen der Garten unerm\u00fcdlich bl\u00fcht und es \u00fcberall summt und brummt. Auf dieser Bl\u00fcte herrscht Hochbetrieb&#8230; Im Mittelgarten dominieren im Moment eher zarte Farben und der Phlosduft erf\u00fcllt die Luft&#8230; Auf dem Weg zum Gem\u00fcsegarten begleitet uns intensiver Lilienduft&#8230; \u00dcberall sind Schmetterlinge unterwegs, das ist mir immer eine besondere Freude&#8230; Auch die schattigen Ecken erfreuen mit pr\u00e4chtigen Blattwerk, manchmal m\u00f6chte man die Zeit im Garten einfach anhalten. Die Sommermonate waren und sind leider komplett ausgebucht, aber auch der Sp\u00e4tsommer und Herbst sind eine wunderbare Zeit f\u00fcr einen Urlaub hier. Wir freuen uns auf Sie!<\/p>\n","protected":false},"author":1,"featured_media":0,"comment_status":"closed","ping_status":"closed","sticky":false,"template":"","format":"standard","meta":{"footnotes":""},"categories":[1],"tags":[],"_links":{"self":[{"href":"https:\/\/maisonmillefleurs.de\/index.php?rest_route=\/wp\/v2\/posts\/1023"}],"collection":[{"href":"https:\/\/maisonmillefleurs.de\/index.php?rest_route=\/wp\/v2\/posts"}],"about":[{"href":"https:\/\/maisonmillefleurs.de\/index.php?rest_route=\/wp\/v2\/types\/post"}],"author":[{"embeddable":true,"href":"https:\/\/maisonmillefleurs.de\/index.php?rest_route=\/wp\/v2\/users\/1"}],"replies":[{"embeddable":true,"href":"https:\/\/maisonmillefleurs.de\/index.php?rest_route=%2Fwp%2Fv2%2Fcomments&post=1023"}],"version-history":[{"count":2,"href":"https:\/\/maisonmillefleurs.de\/index.php?rest_route=\/wp\/v2\/posts\/1023\/revisions"}],"predecessor-version":[{"id":1032,"href":"https:\/\/maisonmillefleurs.de\/index.php?rest_route=\/wp\/v2\/posts\/1023\/revisions\/1032"}],"wp:attachment":[{"href":"https:\/\/maisonmillefleurs.de\/index.php?rest_route=%2Fwp%2Fv2%2Fmedia&parent=1023"}],"wp:term":[{"taxonomy":"category","embeddable":true,"href":"https:\/\/maisonmillefleurs.de\/index.php?rest_route=%2Fwp%2Fv2%2Fcategories&post=1023"},{"taxonomy":"post_tag","embeddable":true,"href":"https:\/\/maisonmillefleurs.de\/index.php?rest_route=%2Fwp%2Fv2%2Ftags&post=1023"}],"curies":[{"name":"wp","href":"https:\/\/api.w.org\/{rel}","templated":true}]}}